{"id":8721,"date":"2025-08-26T10:14:26","date_gmt":"2025-08-26T10:14:26","guid":{"rendered":"https:\/\/proprli.com\/nicht-kategorisiert\/proprli-auf-der-expo-real-2025-expansion-in-deutschland\/"},"modified":"2025-08-26T10:18:23","modified_gmt":"2025-08-26T10:18:23","slug":"proprli-auf-der-expo-real-2025-expansion-in-deutschland","status":"publish","type":"post","link":"https:\/\/proprli.com\/de\/news-de\/proprli-auf-der-expo-real-2025-expansion-in-deutschland\/","title":{"rendered":"Proprli auf der EXPO REAL 2025 \u2013 Expansion in Deutschland"},"content":{"rendered":"\t\t<div data-elementor-type=\"wp-post\" data-elementor-id=\"8721\" class=\"elementor elementor-8721 elementor-8714\" data-elementor-post-type=\"post\">\n\t\t\t\t\t\t<section class=\"elementor-section elementor-top-section elementor-element elementor-element-5fabd54e elementor-section-boxed elementor-section-height-default elementor-section-height-default\" data-id=\"5fabd54e\" data-element_type=\"section\" data-e-type=\"section\">\n\t\t\t\t\t\t<div class=\"elementor-container elementor-column-gap-default\">\n\t\t\t\t\t<div class=\"elementor-column elementor-col-100 elementor-top-column elementor-element elementor-element-2a05842a\" data-id=\"2a05842a\" data-element_type=\"column\" data-e-type=\"column\">\n\t\t\t<div class=\"elementor-widget-wrap elementor-element-populated\">\n\t\t\t\t\t\t<div class=\"elementor-element elementor-element-39762fbd elementor-widget elementor-widget-text-editor\" data-id=\"39762fbd\" data-element_type=\"widget\" data-e-type=\"widget\" data-widget_type=\"text-editor.default\">\n\t\t\t\t<div class=\"elementor-widget-container\">\n\t\t\t\t\t\t\t\t\t<p>Wir freuen uns, bekannt zu geben, dass Proprli vom 6. bis 8. Oktober 2025 auf der <a href=\"https:\/\/exporeal.net\/de\/\" target=\"_blank\" rel=\"noopener\">EXPO REAL 2025 in M\u00fcnchen<\/a> vertreten sein wird. Proprli wird von unserem CEO &amp; Co-Founder Boudewijn Groot vertreten, der w\u00e4hrend der gesamten Veranstaltung Kontakte zu Immobilienexperten, Investoren und Partnern kn\u00fcpfen wird. <\/p>\t\t\t\t\t\t\t\t<\/div>\n\t\t\t\t<\/div>\n\t\t\t\t<div class=\"elementor-element elementor-element-2b5c88e elementor-widget elementor-widget-heading\" data-id=\"2b5c88e\" data-element_type=\"widget\" data-e-type=\"widget\" data-widget_type=\"heading.default\">\n\t\t\t\t<div class=\"elementor-widget-container\">\n\t\t\t\t\t<h2 class=\"elementor-heading-title elementor-size-default\">Erste deutsche Kunden!<\/h2>\t\t\t\t<\/div>\n\t\t\t\t<\/div>\n\t\t\t\t<div class=\"elementor-element elementor-element-e81b929 elementor-widget elementor-widget-text-editor\" data-id=\"e81b929\" data-element_type=\"widget\" data-e-type=\"widget\" data-widget_type=\"text-editor.default\">\n\t\t\t\t<div class=\"elementor-widget-container\">\n\t\t\t\t\t\t\t\t\t<p>Dieses Jahr markiert einen wichtigen Meilenstein: Proprli hat seine ersten deutschen Kunden begr\u00fc\u00dft und unterstreicht damit unsere Vision, ein intelligenteres, kollaborativeres Immobilienmanagement auf den deutschen Markt zu bringen. <\/p><p>Die EXPO REAL ist die perfekte Gelegenheit, diese Kontakte auszubauen, neue Partnerschaften zu erkunden und zu zeigen, wie Proprli Immobilienverwalter, Eigent\u00fcmer und Investoren mit einer zentralen Plattform unterst\u00fctzt.<\/p>\t\t\t\t\t\t\t\t<\/div>\n\t\t\t\t<\/div>\n\t\t\t\t<div class=\"elementor-element elementor-element-1588fd0 elementor-widget elementor-widget-heading\" data-id=\"1588fd0\" data-element_type=\"widget\" data-e-type=\"widget\" data-widget_type=\"heading.default\">\n\t\t\t\t<div class=\"elementor-widget-container\">\n\t\t\t\t\t<h2 class=\"elementor-heading-title elementor-size-default\">Treffen wir uns!<\/h2>\t\t\t\t<\/div>\n\t\t\t\t<\/div>\n\t\t\t\t<div class=\"elementor-element elementor-element-d159473 elementor-widget elementor-widget-text-editor\" data-id=\"d159473\" data-element_type=\"widget\" data-e-type=\"widget\" data-widget_type=\"text-editor.default\">\n\t\t\t\t<div class=\"elementor-widget-container\">\n\t\t\t\t\t\t\t\t\t<p>Interesse an einer Kontaktaufnahme w\u00e4hrend der Veranstaltung? Sie k\u00f6nnen <a href=\"https:\/\/www.linkedin.com\/in\/boudewijn-groot\/\" target=\"_blank\" rel=\"noopener\">Boudewijn direkt \u00fcber LinkedIn erreichen<\/a>.  <\/p>\t\t\t\t\t\t\t\t<\/div>\n\t\t\t\t<\/div>\n\t\t\t\t\t<\/div>\n\t\t<\/div>\n\t\t\t\t\t<\/div>\n\t\t<\/section>\n\t\t\t\t<\/div>\n\t\t","protected":false},"excerpt":{"rendered":"<p>Wir freuen uns, bekannt zu geben, dass Proprli vom 6. bis 8. Oktober 2025 auf der EXPO REAL 2025 in M\u00fcnchen vertreten sein wird. Proprli wird von unserem CEO &amp; Co-Founder Boudewijn Groot vertreten, der w\u00e4hrend der gesamten Veranstaltung Kontakte zu Immobilienexperten, Investoren und Partnern kn\u00fcpfen wird. Erste deutsche Kunden! Dieses Jahr markiert einen wichtigen [&hellip;]<\/p>\n","protected":false},"author":6,"featured_media":8720,"comment_status":"closed","ping_status":"open","sticky":false,"template":"","format":"standard","meta":{"footnotes":""},"categories":[996],"tags":[1056,1869,1868,1068,1870,1455],"class_list":["post-8721","post","type-post","status-publish","format-standard","has-post-thumbnail","hentry","category-news-de","tag-deutschland","tag-expo-real-de","tag-expo-real-2025-de","tag-immobilien","tag-proprli-expo-real-de","tag-veranstaltung"],"aioseo_notices":[],"_links":{"self":[{"href":"https:\/\/proprli.com\/de\/wp-json\/wp\/v2\/posts\/8721","targetHints":{"allow":["GET"]}}],"collection":[{"href":"https:\/\/proprli.com\/de\/wp-json\/wp\/v2\/posts"}],"about":[{"href":"https:\/\/proprli.com\/de\/wp-json\/wp\/v2\/types\/post"}],"author":[{"embeddable":true,"href":"https:\/\/proprli.com\/de\/wp-json\/wp\/v2\/users\/6"}],"replies":[{"embeddable":true,"href":"https:\/\/proprli.com\/de\/wp-json\/wp\/v2\/comments?post=8721"}],"version-history":[{"count":0,"href":"https:\/\/proprli.com\/de\/wp-json\/wp\/v2\/posts\/8721\/revisions"}],"wp:featuredmedia":[{"embeddable":true,"href":"https:\/\/proprli.com\/de\/wp-json\/wp\/v2\/media\/8720"}],"wp:attachment":[{"href":"https:\/\/proprli.com\/de\/wp-json\/wp\/v2\/media?parent=8721"}],"wp:term":[{"taxonomy":"category","embeddable":true,"href":"https:\/\/proprli.com\/de\/wp-json\/wp\/v2\/categories?post=8721"},{"taxonomy":"post_tag","embeddable":true,"href":"https:\/\/proprli.com\/de\/wp-json\/wp\/v2\/tags?post=8721"}],"curies":[{"name":"wp","href":"https:\/\/api.w.org\/{rel}","templated":true}]}}