{"id":8556,"date":"2024-10-03T07:26:40","date_gmt":"2024-10-03T07:26:40","guid":{"rendered":"https:\/\/proprli.com\/nicht-kategorisiert\/proprli-wird-zur-digitalen-plattform-von-van-der-vorm-vastgoed-fuer-das-technische-management-von-niederlaendischen-einzelhandels-und-hotelimmobilien\/"},"modified":"2025-08-18T14:08:20","modified_gmt":"2025-08-18T14:08:20","slug":"proprli-wird-zur-digitalen-plattform-von-van-der-vorm-vastgoed-fuer-das-technische-management-von-niederlaendischen-einzelhandels-und-hotelimmobilien","status":"publish","type":"post","link":"https:\/\/proprli.com\/de\/news-de\/proprli-wird-zur-digitalen-plattform-von-van-der-vorm-vastgoed-fuer-das-technische-management-von-niederlaendischen-einzelhandels-und-hotelimmobilien\/","title":{"rendered":"Proprli wird zur digitalen Plattform von Van der vorm vastgoed f\u00fcr das technische Management von niederl\u00e4ndischen Einzelhandels- und Hotelimmobilien"},"content":{"rendered":"\t\t<div data-elementor-type=\"wp-post\" data-elementor-id=\"8556\" class=\"elementor elementor-8556 elementor-7089\" data-elementor-post-type=\"post\">\n\t\t\t\t\t\t<section class=\"elementor-section elementor-top-section elementor-element elementor-element-5fabd54e elementor-section-boxed elementor-section-height-default elementor-section-height-default\" data-id=\"5fabd54e\" data-element_type=\"section\" data-e-type=\"section\">\n\t\t\t\t\t\t<div class=\"elementor-container elementor-column-gap-default\">\n\t\t\t\t\t<div class=\"elementor-column elementor-col-100 elementor-top-column elementor-element elementor-element-2a05842a\" data-id=\"2a05842a\" data-element_type=\"column\" data-e-type=\"column\">\n\t\t\t<div class=\"elementor-widget-wrap elementor-element-populated\">\n\t\t\t\t\t\t<div class=\"elementor-element elementor-element-39762fbd elementor-widget elementor-widget-text-editor\" data-id=\"39762fbd\" data-element_type=\"widget\" data-e-type=\"widget\" data-widget_type=\"text-editor.default\">\n\t\t\t\t<div class=\"elementor-widget-container\">\n\t\t\t\t\t\t\t\t\t<p>Proprli, die Kollaborationsplattform f\u00fcr technisches Immobilienmanagement, freut sich, <a href=\"https:\/\/vormvastgoed.nl\/\" target=\"_blank\" rel=\"noopener\">Van der Vorm Vastgoed<\/a>, ein innovatives Familienunternehmen mit einem bedeutenden Portfolio in gro\u00dfen europ\u00e4ischen St\u00e4dten, als seinen neuesten Kunden begr\u00fc\u00dfen zu d\u00fcrfen. Van der Vorm hat sich f\u00fcr die Proprli-Plattform entschieden, um sein niederl\u00e4ndisches Einzelhandels- und Hotelportfolio zu verwalten. Diese strategische Entscheidung zielt darauf ab, die technischen Managementprozesse zu automatisieren, die Einhaltung h\u00f6chster Geb\u00e4udestandards sicherzustellen und die Mieterdienstleistungen in allen seinen Objekten zu verbessern. <\/p>\t\t\t\t\t\t\t\t<\/div>\n\t\t\t\t<\/div>\n\t\t\t\t<div class=\"elementor-element elementor-element-2b5c88e elementor-widget elementor-widget-heading\" data-id=\"2b5c88e\" data-element_type=\"widget\" data-e-type=\"widget\" data-widget_type=\"heading.default\">\n\t\t\t\t<div class=\"elementor-widget-container\">\n\t\t\t\t\t<h2 class=\"elementor-heading-title elementor-size-default\">Zentralisiertes technisches Management f\u00fcr operative Exzellenz und Compliance<\/h2>\t\t\t\t<\/div>\n\t\t\t\t<\/div>\n\t\t\t\t<div class=\"elementor-element elementor-element-e81b929 elementor-widget elementor-widget-text-editor\" data-id=\"e81b929\" data-element_type=\"widget\" data-e-type=\"widget\" data-widget_type=\"text-editor.default\">\n\t\t\t\t<div class=\"elementor-widget-container\">\n\t\t\t\t\t\t\t\t\t<p>Van der Vorm hat sich der Erreichung operativer Exzellenz und der Aufrechterhaltung h\u00f6chster <a href=\"https:\/\/proprli.com\/property-portfolio-unleashed\/mastering-building-compliance-a-key-to-improved-collaboration\/\">Compliance<\/a>-Standards verschrieben. Durch die Nutzung der Proprli-Plattform wird Van der Vorm alle <a href=\"https:\/\/proprli.com\/de\/asset-management\/\">technischen Daten<\/a>, einschlie\u00dflich Geb\u00e4udedokumente, Inspektionen, Wartungspl\u00e4ne und <a href=\"https:\/\/proprli.com\/de\/ticketing-fuer-optimierten-mietersupport-in-der-immobilienverwaltung\/\">Mieteranfragen<\/a>, zentralisieren. Dieser zentralisierte Ansatz wird das technische Management rationalisieren und einen umfassenden \u00dcberblick \u00fcber ihre ESG-Ziele (Umwelt, Soziales und Governance) bieten, sodass sie fundierte Entscheidungen treffen k\u00f6nnen, die sowohl die Effizienz als auch die Nachhaltigkeit optimieren.  <\/p>\t\t\t\t\t\t\t\t<\/div>\n\t\t\t\t<\/div>\n\t\t\t\t<section class=\"elementor-section elementor-inner-section elementor-element elementor-element-e3d1332 elementor-section-boxed elementor-section-height-default elementor-section-height-default\" data-id=\"e3d1332\" data-element_type=\"section\" data-e-type=\"section\">\n\t\t\t\t\t\t<div class=\"elementor-container elementor-column-gap-default\">\n\t\t\t\t\t<div class=\"elementor-column elementor-col-100 elementor-inner-column elementor-element elementor-element-ae22640\" data-id=\"ae22640\" data-element_type=\"column\" data-e-type=\"column\" data-settings=\"{&quot;background_background&quot;:&quot;classic&quot;}\">\n\t\t\t<div class=\"elementor-widget-wrap elementor-element-populated\">\n\t\t\t\t\t\t<div class=\"elementor-element elementor-element-e80a815 elementor-widget elementor-widget-tp-blockquote\" data-id=\"e80a815\" data-element_type=\"widget\" data-e-type=\"widget\" data-widget_type=\"tp-blockquote.default\">\n\t\t\t\t<div class=\"elementor-widget-container\">\n\t\t\t\t\t<div class=\"pt-plus-text-block-wrapper\" ><div class=\"text_block_parallax\"><div class=\"plus_blockquote quote-style-1   none \" ><blockquote class=\"quote-text\"><span class=\"tp-bq-desc\"><p>Dennis Hoek, Portfolio Manager f\u00fcr Einzelhandel &amp; Hotels bei Van der Vorm Vastgoed, erkl\u00e4rte: \u201eDie Wahl von Proprli steht im Einklang mit unserem Ziel, unsere technischen Managementf\u00e4higkeiten zu verbessern und unsere Nachhaltigkeitsziele im gesamten Portfolio zu erreichen. Die Proprli-Plattform wird unsere Teams und Partner, wie Cushman &amp; Wakefield, unterst\u00fctzen, indem sie Echtzeit-Zugriff auf wichtige technische Daten und Erkenntnisse bietet, die Compliance sicherstellt und die betriebliche Effizienz steigert.\u201c<\/p><\/span><\/blockquote><\/div><\/div><\/div>\t\t\t\t<\/div>\n\t\t\t\t<\/div>\n\t\t\t\t\t<\/div>\n\t\t<\/div>\n\t\t\t\t\t<\/div>\n\t\t<\/section>\n\t\t\t\t<div class=\"elementor-element elementor-element-a6f9a10 elementor-widget elementor-widget-spacer\" data-id=\"a6f9a10\" data-element_type=\"widget\" data-e-type=\"widget\" data-widget_type=\"spacer.default\">\n\t\t\t\t<div class=\"elementor-widget-container\">\n\t\t\t\t\t\t\t<div class=\"elementor-spacer\">\n\t\t\t<div class=\"elementor-spacer-inner\"><\/div>\n\t\t<\/div>\n\t\t\t\t\t\t<\/div>\n\t\t\t\t<\/div>\n\t\t\t\t<div class=\"elementor-element elementor-element-1588fd0 elementor-widget elementor-widget-heading\" data-id=\"1588fd0\" data-element_type=\"widget\" data-e-type=\"widget\" data-widget_type=\"heading.default\">\n\t\t\t\t<div class=\"elementor-widget-container\">\n\t\t\t\t\t<h2 class=\"elementor-heading-title elementor-size-default\">Warum Van der vorm proprli ausgew\u00e4hlt hat<\/h2>\t\t\t\t<\/div>\n\t\t\t\t<\/div>\n\t\t\t\t<div class=\"elementor-element elementor-element-d159473 elementor-widget elementor-widget-text-editor\" data-id=\"d159473\" data-element_type=\"widget\" data-e-type=\"widget\" data-widget_type=\"text-editor.default\">\n\t\t\t\t<div class=\"elementor-widget-container\">\n\t\t\t\t\t\t\t\t\t<p>Die Entscheidung von Van der Vorm Vastgoed, Proprli zu implementieren, wurde durch den Bedarf an einer integrierten Plattform getrieben, die das technische Management vereinfacht, mehr Kontrolle bietet, Echtzeit-Einblicke in den Compliance-Status bietet und die Effizienz der Bearbeitung von <a href=\"https:\/\/proprli.com\/de\/ticketing-fuer-optimierten-mietersupport-in-der-immobilienverwaltung\/\">Mieteranfragen<\/a> verbessert. Durch die Zusammenarbeit mit mehreren Property Managern, darunter Cushman &amp; Wakefield, wird die Zusammenarbeit mit Proprli die <a href=\"https:\/\/proprli.com\/de\/blog-de\/ki-gestuetzte-immobilienverwaltung-neudefinition-von-dokumentenverarbeitung-und-compliance\/\">Datenintegration rationalisieren<\/a>, die Kommunikation verbessern und spezielle Schulungen anbieten, um einen reibungslosen \u00dcbergang zur neuen Plattform zu gew\u00e4hrleisten. <\/p>\t\t\t\t\t\t\t\t<\/div>\n\t\t\t\t<\/div>\n\t\t\t\t<section class=\"elementor-section elementor-inner-section elementor-element elementor-element-cf4649a elementor-section-boxed elementor-section-height-default elementor-section-height-default\" data-id=\"cf4649a\" data-element_type=\"section\" data-e-type=\"section\">\n\t\t\t\t\t\t<div class=\"elementor-container elementor-column-gap-default\">\n\t\t\t\t\t<div class=\"elementor-column elementor-col-100 elementor-inner-column elementor-element elementor-element-1cd75f1\" data-id=\"1cd75f1\" data-element_type=\"column\" data-e-type=\"column\" data-settings=\"{&quot;background_background&quot;:&quot;classic&quot;}\">\n\t\t\t<div class=\"elementor-widget-wrap elementor-element-populated\">\n\t\t\t\t\t\t<div class=\"elementor-element elementor-element-cb34163 elementor-widget elementor-widget-tp-blockquote\" data-id=\"cb34163\" data-element_type=\"widget\" data-e-type=\"widget\" data-widget_type=\"tp-blockquote.default\">\n\t\t\t\t<div class=\"elementor-widget-container\">\n\t\t\t\t\t<div class=\"pt-plus-text-block-wrapper\" ><div class=\"text_block_parallax\"><div class=\"plus_blockquote quote-style-1   none \" ><blockquote class=\"quote-text\"><span class=\"tp-bq-desc\"><p>Boudewijn Groot, Co-Founder &amp; CEO von Proprli, kommentierte: \u201eWir freuen uns, Van der Vorm Vastgoed auf seinem Weg zu einem nachhaltigeren und effizienteren Immobilienmanagement zu unterst\u00fctzen. Proprli wurde entwickelt, um alle Beteiligten auf einer einzigen Plattform zusammenzubringen und so mehr Kontrolle und Transparenz \u00fcber die Verm\u00f6genswerte zu erm\u00f6glichen. Wir setzen uns daf\u00fcr ein, Van der Vorm bei der Erreichung seiner operativen und Nachhaltigkeitsziele zu unterst\u00fctzen.\u201c <\/p><\/span><\/blockquote><\/div><\/div><\/div>\t\t\t\t<\/div>\n\t\t\t\t<\/div>\n\t\t\t\t\t<\/div>\n\t\t<\/div>\n\t\t\t\t\t<\/div>\n\t\t<\/section>\n\t\t\t\t<div class=\"elementor-element elementor-element-fd1e9ee elementor-widget elementor-widget-spacer\" data-id=\"fd1e9ee\" data-element_type=\"widget\" data-e-type=\"widget\" data-widget_type=\"spacer.default\">\n\t\t\t\t<div class=\"elementor-widget-container\">\n\t\t\t\t\t\t\t<div class=\"elementor-spacer\">\n\t\t\t<div class=\"elementor-spacer-inner\"><\/div>\n\t\t<\/div>\n\t\t\t\t\t\t<\/div>\n\t\t\t\t<\/div>\n\t\t\t\t<div class=\"elementor-element elementor-element-e82c454 elementor-widget elementor-widget-heading\" data-id=\"e82c454\" data-element_type=\"widget\" data-e-type=\"widget\" data-widget_type=\"heading.default\">\n\t\t\t\t<div class=\"elementor-widget-container\">\n\t\t\t\t\t<h2 class=\"elementor-heading-title elementor-size-default\">Integration von technischen und finanziellen Daten f\u00fcr Echtzeit-Einblicke<\/h2>\t\t\t\t<\/div>\n\t\t\t\t<\/div>\n\t\t\t\t<div class=\"elementor-element elementor-element-161db84 elementor-widget elementor-widget-text-editor\" data-id=\"161db84\" data-element_type=\"widget\" data-e-type=\"widget\" data-widget_type=\"text-editor.default\">\n\t\t\t\t<div class=\"elementor-widget-container\">\n\t\t\t\t\t\t\t\t\t<p>Van der Vorm Vastgoed suchte auch nach einer L\u00f6sung, die sich in ihre Finanzsysteme integrieren l\u00e4sst. Mit der offenen API von Proprli k\u00f6nnen sie nun technische und finanzielle Daten automatisch synchronisieren, wodurch sie Echtzeit-Einblicke in Budget- und Ist-Zahlen erhalten und Arbeitsauftr\u00e4ge effizient bearbeiten k\u00f6nnen, was ihre Finanzaufsicht und operative Planung erheblich verbessert. <\/p>\t\t\t\t\t\t\t\t<\/div>\n\t\t\t\t<\/div>\n\t\t\t\t<div class=\"elementor-element elementor-element-bd0a684 elementor-widget-divider--view-line elementor-widget elementor-widget-divider\" data-id=\"bd0a684\" data-element_type=\"widget\" data-e-type=\"widget\" data-widget_type=\"divider.default\">\n\t\t\t\t<div class=\"elementor-widget-container\">\n\t\t\t\t\t\t\t<div class=\"elementor-divider\">\n\t\t\t<span class=\"elementor-divider-separator\">\n\t\t\t\t\t\t<\/span>\n\t\t<\/div>\n\t\t\t\t\t\t<\/div>\n\t\t\t\t<\/div>\n\t\t\t\t<div class=\"elementor-element elementor-element-61dad86 elementor-widget elementor-widget-heading\" data-id=\"61dad86\" data-element_type=\"widget\" data-e-type=\"widget\" data-widget_type=\"heading.default\">\n\t\t\t\t<div class=\"elementor-widget-container\">\n\t\t\t\t\t<h2 class=\"elementor-heading-title elementor-size-default\">\u00dcber Van der vorm vastgoed<\/h2>\t\t\t\t<\/div>\n\t\t\t\t<\/div>\n\t\t\t\t<div class=\"elementor-element elementor-element-7ae23fc elementor-widget elementor-widget-text-editor\" data-id=\"7ae23fc\" data-element_type=\"widget\" data-e-type=\"widget\" data-widget_type=\"text-editor.default\">\n\t\t\t\t<div class=\"elementor-widget-container\">\n\t\t\t\t\t\t\t\t\t<p><a href=\"https:\/\/vormvastgoed.nl\/\" target=\"_blank\" rel=\"noopener\">Van der Vorm Vastgoed<\/a> ist ein modernes Familienunternehmen mit gro\u00dfen Ambitionen f\u00fcr die Zukunft. Wir besitzen ein internationales Portfolio in europ\u00e4ischen Top-St\u00e4dten, darunter Wohnanlagen, Gewerbeimmobilien und mehrere renommierte Hotels. Diese vielf\u00e4ltige Erfahrung erm\u00f6glicht uns ein tiefes Verst\u00e4ndnis der sich entwickelnden Trends, Bed\u00fcrfnisse und Anforderungen von Mietern in ganz Europa. Wir arbeiten kontinuierlich daran, unsere Immobilien, Investitionen und Qualit\u00e4t zu verbessern und suchen gleichzeitig nach neuen Akquisitionen im In- und Ausland.   <\/p>\t\t\t\t\t\t\t\t<\/div>\n\t\t\t\t<\/div>\n\t\t\t\t<div class=\"elementor-element elementor-element-fee9b77 elementor-widget elementor-widget-heading\" data-id=\"fee9b77\" data-element_type=\"widget\" data-e-type=\"widget\" data-widget_type=\"heading.default\">\n\t\t\t\t<div class=\"elementor-widget-container\">\n\t\t\t\t\t<h2 class=\"elementor-heading-title elementor-size-default\">\u00dcber Proprli\n<\/h2>\t\t\t\t<\/div>\n\t\t\t\t<\/div>\n\t\t\t\t<div class=\"elementor-element elementor-element-7f947a8 elementor-widget elementor-widget-text-editor\" data-id=\"7f947a8\" data-element_type=\"widget\" data-e-type=\"widget\" data-widget_type=\"text-editor.default\">\n\t\t\t\t<div class=\"elementor-widget-container\">\n\t\t\t\t\t\t\t\t\t<p>Proprli ist die <a href=\"https:\/\/proprli.com\/de\/\">Kollaborationsplattform<\/a> f\u00fcr technisches Immobilienmanagement. Proprli revolutioniert die Art und Weise, wie Immobilienbesitzer, Property Manager und Mieter zusammenarbeiten, eliminiert manuelle Berichterstattung und Excels, bietet Echtzeit-Einblicke f\u00fcr Governance und Compliance aller Verm\u00f6genswerte und bietet beispiellose Kontrolle und Transparenz \u00fcber Immobilienportfolios. <\/p>\t\t\t\t\t\t\t\t<\/div>\n\t\t\t\t<\/div>\n\t\t\t\t\t<\/div>\n\t\t<\/div>\n\t\t\t\t\t<\/div>\n\t\t<\/section>\n\t\t\t\t<\/div>\n\t\t","protected":false},"excerpt":{"rendered":"<p>Proprli, die Kollaborationsplattform f\u00fcr technisches Immobilienmanagement, freut sich, Van der Vorm Vastgoed, ein innovatives Familienunternehmen mit einem bedeutenden Portfolio in gro\u00dfen europ\u00e4ischen St\u00e4dten, als seinen neuesten Kunden begr\u00fc\u00dfen zu d\u00fcrfen. Van der Vorm hat sich f\u00fcr die Proprli-Plattform entschieden, um sein niederl\u00e4ndisches Einzelhandels- und Hotelportfolio zu verwalten. Diese strategische Entscheidung zielt darauf ab, die technischen [&hellip;]<\/p>\n","protected":false},"author":6,"featured_media":8220,"comment_status":"closed","ping_status":"open","sticky":false,"template":"","format":"standard","meta":{"footnotes":""},"categories":[996],"tags":[997,1576,1401,1573,1068,1042,1574,1575],"class_list":["post-8556","post","type-post","status-publish","format-standard","has-post-thumbnail","hentry","category-news-de","tag-asset-management-de","tag-einzelhandel","tag-family-office-de","tag-hotel-de","tag-immobilien","tag-immobilienverwaltung","tag-van-der-vorm-vastgoed-de","tag-vorm-vastgoed-de"],"aioseo_notices":[],"_links":{"self":[{"href":"https:\/\/proprli.com\/de\/wp-json\/wp\/v2\/posts\/8556","targetHints":{"allow":["GET"]}}],"collection":[{"href":"https:\/\/proprli.com\/de\/wp-json\/wp\/v2\/posts"}],"about":[{"href":"https:\/\/proprli.com\/de\/wp-json\/wp\/v2\/types\/post"}],"author":[{"embeddable":true,"href":"https:\/\/proprli.com\/de\/wp-json\/wp\/v2\/users\/6"}],"replies":[{"embeddable":true,"href":"https:\/\/proprli.com\/de\/wp-json\/wp\/v2\/comments?post=8556"}],"version-history":[{"count":0,"href":"https:\/\/proprli.com\/de\/wp-json\/wp\/v2\/posts\/8556\/revisions"}],"wp:featuredmedia":[{"embeddable":true,"href":"https:\/\/proprli.com\/de\/wp-json\/wp\/v2\/media\/8220"}],"wp:attachment":[{"href":"https:\/\/proprli.com\/de\/wp-json\/wp\/v2\/media?parent=8556"}],"wp:term":[{"taxonomy":"category","embeddable":true,"href":"https:\/\/proprli.com\/de\/wp-json\/wp\/v2\/categories?post=8556"},{"taxonomy":"post_tag","embeddable":true,"href":"https:\/\/proprli.com\/de\/wp-json\/wp\/v2\/tags?post=8556"}],"curies":[{"name":"wp","href":"https:\/\/api.w.org\/{rel}","templated":true}]}}